{"id":1312,"date":"2023-05-12T20:00:00","date_gmt":"2023-05-12T18:00:00","guid":{"rendered":"http:\/\/ff-strengen.at\/wp\/?p=1312"},"modified":"2023-05-13T19:37:20","modified_gmt":"2023-05-13T17:37:20","slug":"scheibenschlagen-immarterielles-kulturerbe","status":"publish","type":"post","link":"https:\/\/ff-strengen.at\/wp\/scheibenschlagen-immarterielles-kulturerbe\/","title":{"rendered":"&#8222;Scheibenschlagen&#8220; &#8211; Immarterielles Kulturerbe"},"content":{"rendered":"\n<p>Am Freitag, den 12. Mai 2023 durfte KDT \u00d6ttl Andreas und KDTStv. Prie\u00dfnegger Daniel bei der Verleihung der Urkunde f\u00fcr das Nationale Immarterielle Kulturerbe der UNESCO und des Bundesministeriums f\u00fcr Kunst, Kultur, \u00f6ffentlicher Dienst und Sport im Stadtsaal Landeck beisitzen.<\/p>\n<p>Das Scheibenschlagen das bereits schon im Immarteriellen Kulturerbe aufgenommen wurde, wurde gestern nun offiziell auf das Bundesland Tirol ausgeweitet.<\/p>\n<p>Wir als <span class=\"xt0psk2\">Feuerwehr Strengen<\/span> sind stolz diesen alten Brauch bei uns durchzuf\u00fchren und somit unsere Kultur \u00fcber Generationen weiter zu geben.<\/p>\n<p>\u00a0<\/p>\n\n\n\n<div class=\"wp-block-flagallery-gallery flagallery-shortcode\"><div class=\"flagallery cicerone_skin\" id=\"FlaGallery_sc1_123\" ><script type=\"text\/javascript\"> (function(){this['FlaGallery_sc1_123']={'settings':{\"gridType\":\"masonry\",\"thumbHieghtRation\":\"1\",\"collectionThumbRecomendedWidth\":\"260\",\"collectionThumbRecomendedHeight\":\"260\",\"collectionPreloaderColor\":\"#333333\",\"linkTargetWindow\":\"_blank\",\"thumbSpacing\":\"10\",\"infoBarTermsClickNewPageEnable\":\"0\",\"collectionBackButtonIconColor\":\"#000000\",\"collectionBackButtonBgColor\":\"#eeeeee\",\"collectionTitleColor\":\"#000000\",\"tagsFilter\":\"1\",\"tagCloudAll\":\"All\",\"tagsSortingByName\":\"0\",\"tagCloudTextColor\":\"#000000\",\"tagCloudBgColor\":\"#ffe5e5\",\"collectionThumbHoverColor\":\"rgba(222, 18, 18, 0.7)\",\"collectionThumbTitleShow\":\"0\",\"collectionThumbTitleColor\":\"#ffffff\",\"collectionThumbFontSize\":\"18\",\"collectionThumbSubMenuBackgroundColor\":\"rgba(0, 0, 0, 0)\",\"collectionThumbSubMenuBackgroundColorOver\":\"rgba(255, 255, 255, 1)\",\"collectionThumbSubMenuIconColor\":\"rgba(255, 255, 255, 1)\",\"collectionThumbSubMenuIconHoverColor\":\"rgba(0, 0, 0, 1)\",\"collectionInfoEnable\":\"0\",\"collectionItemDownload\":\"0\",\"collectionSocialShareEnabled\":\"0\",\"collectionLikesEnabled\":\"0\",\"modaBgColor\":\"rgba(0,0,0,0.9)\",\"modalInfoBoxBgColor\":\"rgba(255,255,255,1)\",\"modalInfoBoxTitleTextColor\":\"#000000\",\"shareTitlePlaceHolder\":\"Share\",\"modalInfoBoxTextColor\":\"#333333\",\"infoBarTermsEnable\":\"1\",\"infoBarTermsTitleColor\":\"#eeeeee\",\"infoBarTermsBackgroundColorAlbums\":\"#ff0000\",\"infoBarTermsBackgroundColorTags\":\"#00a000\",\"infoBarTermsBackgroundColorCategories\":\"#d3af0d\",\"infoBarExifEnable\":\"0\",\"infoBarCountersEnable\":\"1\",\"infoBarDateInfoEnable\":\"1\",\"lightBoxEnable\":\"1\",\"copyR_Alert\":\"Hello, this photo is mine!\",\"sliderPreloaderColor\":\"#ffffff\",\"sliderBgColor\":\"rgba(0,0,0,1)\",\"sliderHeaderFooterBgColor\":\"#000000\",\"sliderNavigationColor\":\"rgba(0,0,0,1)\",\"sliderNavigationIconColor\":\"rgba(255,255,255,1)\",\"sliderItemTitleFontSize\":\"24\",\"sliderItemTitleTextColor\":\"#ffffff\",\"sliderThumbBarEnable\":\"1\",\"sliderThumbBarHoverColor\":\"#ffffff\",\"sliderThumbSubMenuBackgroundColor\":\"rgba(0,0,0,1)\",\"sliderThumbSubMenuBackgroundColorOver\":\"rgba(255,255,255,1)\",\"sliderThumbSubMenuIconColor\":\"rgba(255,255,255,1)\",\"sliderThumbSubMenuIconHoverColor\":\"rgba(0,0,0,1)\",\"sliderInfoEnable\":\"0\",\"sliderItemDownload\":\"0\",\"sliderSocialShareEnabled\":\"0\",\"sliderLikesEnabled\":\"0\",\"customCSS\":\"\",\"modalInfoBoxBgColormodalInfoBoxBgColor\":\"\",\"key\":\"e81d316cc98a4015945eab1701d04305\",\"name\":\"GRANDPackPlus\",\"galleryID\":\"sc1_123\",\"post_url\":\"https:\\\/\\\/ff-strengen.at\\\/wp\\\/wp-json\\\/wp\\\/v2\\\/posts\\\/1312\",\"module_url\":\"https:\\\/\\\/ff-strengen.at\\\/wp\\\/wp-content\\\/plugins\\\/flagallery-skins\\\/cicerone\\\/\"}, 'data':[{\"gallery\":{\"gid\":\"123\",\"name\":\"20230512_unesco\",\"path\":\"https:\\\/\\\/ff-strengen.at\\\/wp\\\/wp-content\\\/flagallery\\\/20230512_unesco\",\"title\":\"20230512_Unesco\",\"galdesc\":\"\"},\"data\":[{\"pid\":\"1312\",\"filename\":\"01.jpg\",\"description\":\"\",\"alttext\":\"\",\"link\":null,\"imagedate\":\"2023-05-13 17:07:09\",\"hitcounter\":\"5\",\"total_value\":\"0\",\"total_votes\":\"0\",\"meta_data\":{\"aperture\":false,\"credit\":false,\"camera\":false,\"caption\":false,\"created_timestamp\":false,\"copyright\":false,\"focal_length\":false,\"iso\":false,\"shutter_speed\":false,\"flash\":false,\"title\":false,\"keywords\":false,\"width\":768,\"height\":1024,\"saved\":true,\"thumbnail\":{\"width\":300,\"height\":400},\"webview\":{\"0\":768,\"1\":1024,\"2\":2,\"3\":\"width=\\\"768\\\" height=\\\"1024\\\"\",\"bits\":8,\"channels\":3,\"mime\":\"image\\\/jpeg\"}}},{\"pid\":\"1311\",\"filename\":\"02.jpg\",\"description\":\"\",\"alttext\":\"\",\"link\":null,\"imagedate\":\"2023-05-13 17:07:08\",\"hitcounter\":\"8\",\"total_value\":\"0\",\"total_votes\":\"0\",\"meta_data\":{\"aperture\":false,\"credit\":false,\"camera\":false,\"caption\":false,\"created_timestamp\":false,\"copyright\":false,\"focal_length\":false,\"iso\":false,\"shutter_speed\":false,\"flash\":false,\"title\":false,\"keywords\":false,\"width\":1200,\"height\":1600,\"saved\":true,\"thumbnail\":{\"width\":300,\"height\":400},\"webview\":{\"0\":1200,\"1\":1600,\"2\":2,\"3\":\"width=\\\"1200\\\" height=\\\"1600\\\"\",\"bits\":8,\"channels\":3,\"mime\":\"image\\\/jpeg\"}}}]}], }; })();<\/script><\/div><noscript id=\"noscript_FlaGallery_sc1_123\"><img class=\"skip-lazy no-lazyload noLazy\" data-lazy-src=\"\" src =\"https:\/\/ff-strengen.at\/wp\/wp-content\/flagallery\/20230512_unesco\/01.jpg\" alt=\"\" \/><img class=\"skip-lazy no-lazyload noLazy\" data-lazy-src=\"\" src =\"https:\/\/ff-strengen.at\/wp\/wp-content\/flagallery\/20230512_unesco\/02.jpg\" alt=\"\" \/><\/noscript><\/div>\n","protected":false},"excerpt":{"rendered":"<p>Am Freitag, den 12. Mai 2023 durfte KDT \u00d6ttl Andreas und KDTStv. Prie\u00dfnegger Daniel bei der Verleihung der Urkunde f\u00fcr das Nationale Immarterielle Kulturerbe der UNESCO und des Bundesministeriums f\u00fcr Kunst, Kultur, \u00f6ffentlicher Dienst und Sport im Stadtsaal Landeck beisitzen. Das Scheibenschlagen das bereits schon im Immarteriellen Kulturerbe aufgenommen wurde, wurde gestern nun offiziell auf [&hellip;]<\/p>\n","protected":false},"author":2,"featured_media":1313,"comment_status":"closed","ping_status":"open","sticky":false,"template":"","format":"standard","meta":{"footnotes":""},"categories":[9],"tags":[],"class_list":{"0":"post-1312","1":"post","2":"type-post","3":"status-publish","4":"format-standard","5":"has-post-thumbnail","7":"category-dies-und-das"},"yoast_head":"<!-- This site is optimized with the Yoast SEO plugin v27.4 - https:\/\/yoast.com\/product\/yoast-seo-wordpress\/ -->\n<title>&quot;Scheibenschlagen&quot; - Immarterielles Kulturerbe - Freiwillige Feuerwehr Strengen am Arlberg<\/title>\n<meta name=\"robots\" content=\"index, follow, max-snippet:-1, max-image-preview:large, max-video-preview:-1\" \/>\n<link rel=\"canonical\" href=\"https:\/\/ff-strengen.at\/wp\/scheibenschlagen-immarterielles-kulturerbe\/\" \/>\n<meta property=\"og:locale\" content=\"de_DE\" \/>\n<meta property=\"og:type\" content=\"article\" \/>\n<meta property=\"og:title\" content=\"&quot;Scheibenschlagen&quot; - Immarterielles Kulturerbe - Freiwillige Feuerwehr Strengen am Arlberg\" \/>\n<meta property=\"og:description\" content=\"Am Freitag, den 12. Mai 2023 durfte KDT \u00d6ttl Andreas und KDTStv. Prie\u00dfnegger Daniel bei der Verleihung der Urkunde f\u00fcr das Nationale Immarterielle Kulturerbe der UNESCO und des Bundesministeriums f\u00fcr Kunst, Kultur, \u00f6ffentlicher Dienst und Sport im Stadtsaal Landeck beisitzen. Das Scheibenschlagen das bereits schon im Immarteriellen Kulturerbe aufgenommen wurde, wurde gestern nun offiziell auf [&hellip;]\" \/>\n<meta property=\"og:url\" content=\"https:\/\/ff-strengen.at\/wp\/scheibenschlagen-immarterielles-kulturerbe\/\" \/>\n<meta property=\"og:site_name\" content=\"Freiwillige Feuerwehr Strengen am Arlberg\" \/>\n<meta property=\"article:publisher\" content=\"https:\/\/www.facebook.com\/feuerwehrstrengen\" \/>\n<meta property=\"article:published_time\" content=\"2023-05-12T18:00:00+00:00\" \/>\n<meta property=\"article:modified_time\" content=\"2023-05-13T17:37:20+00:00\" \/>\n<meta property=\"og:image\" content=\"https:\/\/ff-strengen.at\/wp\/wp-content\/uploads\/2023\/05\/01_ti.jpg\" \/>\n\t<meta property=\"og:image:width\" content=\"768\" \/>\n\t<meta property=\"og:image:height\" content=\"576\" \/>\n\t<meta property=\"og:image:type\" content=\"image\/jpeg\" \/>\n<meta name=\"author\" content=\"Daniel Prie\u00dfnegger\" \/>\n<meta name=\"twitter:card\" content=\"summary_large_image\" \/>\n<meta name=\"twitter:label1\" content=\"Verfasst von\" \/>\n\t<meta name=\"twitter:data1\" content=\"Daniel Prie\u00dfnegger\" \/>\n\t<meta name=\"twitter:label2\" content=\"Gesch\u00e4tzte Lesezeit\" \/>\n\t<meta name=\"twitter:data2\" content=\"1\u00a0Minute\" \/>\n<script type=\"application\/ld+json\" class=\"yoast-schema-graph\">{\"@context\":\"https:\\\/\\\/schema.org\",\"@graph\":[{\"@type\":\"Article\",\"@id\":\"https:\\\/\\\/ff-strengen.at\\\/wp\\\/scheibenschlagen-immarterielles-kulturerbe\\\/#article\",\"isPartOf\":{\"@id\":\"https:\\\/\\\/ff-strengen.at\\\/wp\\\/scheibenschlagen-immarterielles-kulturerbe\\\/\"},\"author\":{\"name\":\"Daniel Prie\u00dfnegger\",\"@id\":\"https:\\\/\\\/ff-strengen.at\\\/wp\\\/#\\\/schema\\\/person\\\/9706d493b9b86fce69ec720f5bf95fbc\"},\"headline\":\"&#8222;Scheibenschlagen&#8220; &#8211; Immarterielles Kulturerbe\",\"datePublished\":\"2023-05-12T18:00:00+00:00\",\"dateModified\":\"2023-05-13T17:37:20+00:00\",\"mainEntityOfPage\":{\"@id\":\"https:\\\/\\\/ff-strengen.at\\\/wp\\\/scheibenschlagen-immarterielles-kulturerbe\\\/\"},\"wordCount\":88,\"publisher\":{\"@id\":\"https:\\\/\\\/ff-strengen.at\\\/wp\\\/#organization\"},\"image\":{\"@id\":\"https:\\\/\\\/ff-strengen.at\\\/wp\\\/scheibenschlagen-immarterielles-kulturerbe\\\/#primaryimage\"},\"thumbnailUrl\":\"https:\\\/\\\/ff-strengen.at\\\/wp\\\/wp-content\\\/uploads\\\/2023\\\/05\\\/01_ti.jpg\",\"articleSection\":[\"Dies und Das\"],\"inLanguage\":\"de\"},{\"@type\":\"WebPage\",\"@id\":\"https:\\\/\\\/ff-strengen.at\\\/wp\\\/scheibenschlagen-immarterielles-kulturerbe\\\/\",\"url\":\"https:\\\/\\\/ff-strengen.at\\\/wp\\\/scheibenschlagen-immarterielles-kulturerbe\\\/\",\"name\":\"\\\"Scheibenschlagen\\\" - Immarterielles Kulturerbe - Freiwillige Feuerwehr Strengen am Arlberg\",\"isPartOf\":{\"@id\":\"https:\\\/\\\/ff-strengen.at\\\/wp\\\/#website\"},\"primaryImageOfPage\":{\"@id\":\"https:\\\/\\\/ff-strengen.at\\\/wp\\\/scheibenschlagen-immarterielles-kulturerbe\\\/#primaryimage\"},\"image\":{\"@id\":\"https:\\\/\\\/ff-strengen.at\\\/wp\\\/scheibenschlagen-immarterielles-kulturerbe\\\/#primaryimage\"},\"thumbnailUrl\":\"https:\\\/\\\/ff-strengen.at\\\/wp\\\/wp-content\\\/uploads\\\/2023\\\/05\\\/01_ti.jpg\",\"datePublished\":\"2023-05-12T18:00:00+00:00\",\"dateModified\":\"2023-05-13T17:37:20+00:00\",\"breadcrumb\":{\"@id\":\"https:\\\/\\\/ff-strengen.at\\\/wp\\\/scheibenschlagen-immarterielles-kulturerbe\\\/#breadcrumb\"},\"inLanguage\":\"de\",\"potentialAction\":[{\"@type\":\"ReadAction\",\"target\":[\"https:\\\/\\\/ff-strengen.at\\\/wp\\\/scheibenschlagen-immarterielles-kulturerbe\\\/\"]}]},{\"@type\":\"ImageObject\",\"inLanguage\":\"de\",\"@id\":\"https:\\\/\\\/ff-strengen.at\\\/wp\\\/scheibenschlagen-immarterielles-kulturerbe\\\/#primaryimage\",\"url\":\"https:\\\/\\\/ff-strengen.at\\\/wp\\\/wp-content\\\/uploads\\\/2023\\\/05\\\/01_ti.jpg\",\"contentUrl\":\"https:\\\/\\\/ff-strengen.at\\\/wp\\\/wp-content\\\/uploads\\\/2023\\\/05\\\/01_ti.jpg\",\"width\":768,\"height\":576},{\"@type\":\"BreadcrumbList\",\"@id\":\"https:\\\/\\\/ff-strengen.at\\\/wp\\\/scheibenschlagen-immarterielles-kulturerbe\\\/#breadcrumb\",\"itemListElement\":[{\"@type\":\"ListItem\",\"position\":1,\"name\":\"Startseite\",\"item\":\"https:\\\/\\\/ff-strengen.at\\\/wp\\\/\"},{\"@type\":\"ListItem\",\"position\":2,\"name\":\"&#8222;Scheibenschlagen&#8220; &#8211; Immarterielles Kulturerbe\"}]},{\"@type\":\"WebSite\",\"@id\":\"https:\\\/\\\/ff-strengen.at\\\/wp\\\/#website\",\"url\":\"https:\\\/\\\/ff-strengen.at\\\/wp\\\/\",\"name\":\"Freiwillige Feuerwehr Strengen am Arlberg\",\"description\":\"24 Stunden am Tag, 365 Tage im Jahr f\u00fcr Sie bereit!\",\"publisher\":{\"@id\":\"https:\\\/\\\/ff-strengen.at\\\/wp\\\/#organization\"},\"alternateName\":\"FF Strengen\",\"potentialAction\":[{\"@type\":\"SearchAction\",\"target\":{\"@type\":\"EntryPoint\",\"urlTemplate\":\"https:\\\/\\\/ff-strengen.at\\\/wp\\\/?s={search_term_string}\"},\"query-input\":{\"@type\":\"PropertyValueSpecification\",\"valueRequired\":true,\"valueName\":\"search_term_string\"}}],\"inLanguage\":\"de\"},{\"@type\":\"Organization\",\"@id\":\"https:\\\/\\\/ff-strengen.at\\\/wp\\\/#organization\",\"name\":\"Freiwillige Feuerwehr Strengen am Arlberg\",\"alternateName\":\"FF Strengen\",\"url\":\"https:\\\/\\\/ff-strengen.at\\\/wp\\\/\",\"logo\":{\"@type\":\"ImageObject\",\"inLanguage\":\"de\",\"@id\":\"https:\\\/\\\/ff-strengen.at\\\/wp\\\/#\\\/schema\\\/logo\\\/image\\\/\",\"url\":\"https:\\\/\\\/ff-strengen.at\\\/wp\\\/wp-content\\\/uploads\\\/2018\\\/05\\\/FF_Logo_480-188_Retina.png\",\"contentUrl\":\"https:\\\/\\\/ff-strengen.at\\\/wp\\\/wp-content\\\/uploads\\\/2018\\\/05\\\/FF_Logo_480-188_Retina.png\",\"width\":480,\"height\":188,\"caption\":\"Freiwillige Feuerwehr Strengen am Arlberg\"},\"image\":{\"@id\":\"https:\\\/\\\/ff-strengen.at\\\/wp\\\/#\\\/schema\\\/logo\\\/image\\\/\"},\"sameAs\":[\"https:\\\/\\\/www.facebook.com\\\/feuerwehrstrengen\",\"https:\\\/\\\/www.instagram.com\\\/feuerwehr.strengen\\\/\"]},{\"@type\":\"Person\",\"@id\":\"https:\\\/\\\/ff-strengen.at\\\/wp\\\/#\\\/schema\\\/person\\\/9706d493b9b86fce69ec720f5bf95fbc\",\"name\":\"Daniel Prie\u00dfnegger\",\"url\":\"https:\\\/\\\/ff-strengen.at\\\/wp\\\/author\\\/prieda\\\/\"}]}<\/script>\n<!-- \/ Yoast SEO plugin. -->","yoast_head_json":{"title":"\"Scheibenschlagen\" - Immarterielles Kulturerbe - Freiwillige Feuerwehr Strengen am Arlberg","robots":{"index":"index","follow":"follow","max-snippet":"max-snippet:-1","max-image-preview":"max-image-preview:large","max-video-preview":"max-video-preview:-1"},"canonical":"https:\/\/ff-strengen.at\/wp\/scheibenschlagen-immarterielles-kulturerbe\/","og_locale":"de_DE","og_type":"article","og_title":"\"Scheibenschlagen\" - Immarterielles Kulturerbe - Freiwillige Feuerwehr Strengen am Arlberg","og_description":"Am Freitag, den 12. Mai 2023 durfte KDT \u00d6ttl Andreas und KDTStv. Prie\u00dfnegger Daniel bei der Verleihung der Urkunde f\u00fcr das Nationale Immarterielle Kulturerbe der UNESCO und des Bundesministeriums f\u00fcr Kunst, Kultur, \u00f6ffentlicher Dienst und Sport im Stadtsaal Landeck beisitzen. Das Scheibenschlagen das bereits schon im Immarteriellen Kulturerbe aufgenommen wurde, wurde gestern nun offiziell auf [&hellip;]","og_url":"https:\/\/ff-strengen.at\/wp\/scheibenschlagen-immarterielles-kulturerbe\/","og_site_name":"Freiwillige Feuerwehr Strengen am Arlberg","article_publisher":"https:\/\/www.facebook.com\/feuerwehrstrengen","article_published_time":"2023-05-12T18:00:00+00:00","article_modified_time":"2023-05-13T17:37:20+00:00","og_image":[{"width":768,"height":576,"url":"https:\/\/ff-strengen.at\/wp\/wp-content\/uploads\/2023\/05\/01_ti.jpg","type":"image\/jpeg"}],"author":"Daniel Prie\u00dfnegger","twitter_card":"summary_large_image","twitter_misc":{"Verfasst von":"Daniel Prie\u00dfnegger","Gesch\u00e4tzte Lesezeit":"1\u00a0Minute"},"schema":{"@context":"https:\/\/schema.org","@graph":[{"@type":"Article","@id":"https:\/\/ff-strengen.at\/wp\/scheibenschlagen-immarterielles-kulturerbe\/#article","isPartOf":{"@id":"https:\/\/ff-strengen.at\/wp\/scheibenschlagen-immarterielles-kulturerbe\/"},"author":{"name":"Daniel Prie\u00dfnegger","@id":"https:\/\/ff-strengen.at\/wp\/#\/schema\/person\/9706d493b9b86fce69ec720f5bf95fbc"},"headline":"&#8222;Scheibenschlagen&#8220; &#8211; Immarterielles Kulturerbe","datePublished":"2023-05-12T18:00:00+00:00","dateModified":"2023-05-13T17:37:20+00:00","mainEntityOfPage":{"@id":"https:\/\/ff-strengen.at\/wp\/scheibenschlagen-immarterielles-kulturerbe\/"},"wordCount":88,"publisher":{"@id":"https:\/\/ff-strengen.at\/wp\/#organization"},"image":{"@id":"https:\/\/ff-strengen.at\/wp\/scheibenschlagen-immarterielles-kulturerbe\/#primaryimage"},"thumbnailUrl":"https:\/\/ff-strengen.at\/wp\/wp-content\/uploads\/2023\/05\/01_ti.jpg","articleSection":["Dies und Das"],"inLanguage":"de"},{"@type":"WebPage","@id":"https:\/\/ff-strengen.at\/wp\/scheibenschlagen-immarterielles-kulturerbe\/","url":"https:\/\/ff-strengen.at\/wp\/scheibenschlagen-immarterielles-kulturerbe\/","name":"\"Scheibenschlagen\" - Immarterielles Kulturerbe - Freiwillige Feuerwehr Strengen am Arlberg","isPartOf":{"@id":"https:\/\/ff-strengen.at\/wp\/#website"},"primaryImageOfPage":{"@id":"https:\/\/ff-strengen.at\/wp\/scheibenschlagen-immarterielles-kulturerbe\/#primaryimage"},"image":{"@id":"https:\/\/ff-strengen.at\/wp\/scheibenschlagen-immarterielles-kulturerbe\/#primaryimage"},"thumbnailUrl":"https:\/\/ff-strengen.at\/wp\/wp-content\/uploads\/2023\/05\/01_ti.jpg","datePublished":"2023-05-12T18:00:00+00:00","dateModified":"2023-05-13T17:37:20+00:00","breadcrumb":{"@id":"https:\/\/ff-strengen.at\/wp\/scheibenschlagen-immarterielles-kulturerbe\/#breadcrumb"},"inLanguage":"de","potentialAction":[{"@type":"ReadAction","target":["https:\/\/ff-strengen.at\/wp\/scheibenschlagen-immarterielles-kulturerbe\/"]}]},{"@type":"ImageObject","inLanguage":"de","@id":"https:\/\/ff-strengen.at\/wp\/scheibenschlagen-immarterielles-kulturerbe\/#primaryimage","url":"https:\/\/ff-strengen.at\/wp\/wp-content\/uploads\/2023\/05\/01_ti.jpg","contentUrl":"https:\/\/ff-strengen.at\/wp\/wp-content\/uploads\/2023\/05\/01_ti.jpg","width":768,"height":576},{"@type":"BreadcrumbList","@id":"https:\/\/ff-strengen.at\/wp\/scheibenschlagen-immarterielles-kulturerbe\/#breadcrumb","itemListElement":[{"@type":"ListItem","position":1,"name":"Startseite","item":"https:\/\/ff-strengen.at\/wp\/"},{"@type":"ListItem","position":2,"name":"&#8222;Scheibenschlagen&#8220; &#8211; Immarterielles Kulturerbe"}]},{"@type":"WebSite","@id":"https:\/\/ff-strengen.at\/wp\/#website","url":"https:\/\/ff-strengen.at\/wp\/","name":"Freiwillige Feuerwehr Strengen am Arlberg","description":"24 Stunden am Tag, 365 Tage im Jahr f\u00fcr Sie bereit!","publisher":{"@id":"https:\/\/ff-strengen.at\/wp\/#organization"},"alternateName":"FF Strengen","potentialAction":[{"@type":"SearchAction","target":{"@type":"EntryPoint","urlTemplate":"https:\/\/ff-strengen.at\/wp\/?s={search_term_string}"},"query-input":{"@type":"PropertyValueSpecification","valueRequired":true,"valueName":"search_term_string"}}],"inLanguage":"de"},{"@type":"Organization","@id":"https:\/\/ff-strengen.at\/wp\/#organization","name":"Freiwillige Feuerwehr Strengen am Arlberg","alternateName":"FF Strengen","url":"https:\/\/ff-strengen.at\/wp\/","logo":{"@type":"ImageObject","inLanguage":"de","@id":"https:\/\/ff-strengen.at\/wp\/#\/schema\/logo\/image\/","url":"https:\/\/ff-strengen.at\/wp\/wp-content\/uploads\/2018\/05\/FF_Logo_480-188_Retina.png","contentUrl":"https:\/\/ff-strengen.at\/wp\/wp-content\/uploads\/2018\/05\/FF_Logo_480-188_Retina.png","width":480,"height":188,"caption":"Freiwillige Feuerwehr Strengen am Arlberg"},"image":{"@id":"https:\/\/ff-strengen.at\/wp\/#\/schema\/logo\/image\/"},"sameAs":["https:\/\/www.facebook.com\/feuerwehrstrengen","https:\/\/www.instagram.com\/feuerwehr.strengen\/"]},{"@type":"Person","@id":"https:\/\/ff-strengen.at\/wp\/#\/schema\/person\/9706d493b9b86fce69ec720f5bf95fbc","name":"Daniel Prie\u00dfnegger","url":"https:\/\/ff-strengen.at\/wp\/author\/prieda\/"}]}},"_links":{"self":[{"href":"https:\/\/ff-strengen.at\/wp\/wp-json\/wp\/v2\/posts\/1312","targetHints":{"allow":["GET"]}}],"collection":[{"href":"https:\/\/ff-strengen.at\/wp\/wp-json\/wp\/v2\/posts"}],"about":[{"href":"https:\/\/ff-strengen.at\/wp\/wp-json\/wp\/v2\/types\/post"}],"author":[{"embeddable":true,"href":"https:\/\/ff-strengen.at\/wp\/wp-json\/wp\/v2\/users\/2"}],"replies":[{"embeddable":true,"href":"https:\/\/ff-strengen.at\/wp\/wp-json\/wp\/v2\/comments?post=1312"}],"version-history":[{"count":1,"href":"https:\/\/ff-strengen.at\/wp\/wp-json\/wp\/v2\/posts\/1312\/revisions"}],"predecessor-version":[{"id":1314,"href":"https:\/\/ff-strengen.at\/wp\/wp-json\/wp\/v2\/posts\/1312\/revisions\/1314"}],"wp:featuredmedia":[{"embeddable":true,"href":"https:\/\/ff-strengen.at\/wp\/wp-json\/wp\/v2\/media\/1313"}],"wp:attachment":[{"href":"https:\/\/ff-strengen.at\/wp\/wp-json\/wp\/v2\/media?parent=1312"}],"wp:term":[{"taxonomy":"category","embeddable":true,"href":"https:\/\/ff-strengen.at\/wp\/wp-json\/wp\/v2\/categories?post=1312"},{"taxonomy":"post_tag","embeddable":true,"href":"https:\/\/ff-strengen.at\/wp\/wp-json\/wp\/v2\/tags?post=1312"}],"curies":[{"name":"wp","href":"https:\/\/api.w.org\/{rel}","templated":true}]}}