{"id":1343,"date":"2023-07-03T19:30:00","date_gmt":"2023-07-03T17:30:00","guid":{"rendered":"http:\/\/ff-strengen.at\/wp\/?p=1343"},"modified":"2023-07-04T20:20:41","modified_gmt":"2023-07-04T18:20:41","slug":"5-vollprobe-2023","status":"publish","type":"post","link":"https:\/\/ff-strengen.at\/wp\/5-vollprobe-2023\/","title":{"rendered":"5. Vollprobe 2023"},"content":{"rendered":"\n<p>Am Montag, den 3. Juli 2023 fand die 5. Vollprobe in diesem Jahr statt. Mit der \u00dcbungsalarmierung, dass eine Frau einen lauten Knall in der Garage geh\u00f6rt hatte, r\u00fcckte die Feuerwehr zum \u00dcbungsobjekt im Ortsteil Brunnen aus.<\/p>\n<p>Vor Ort wurde ein Innenangriff mit schwerem Atemschutz durchgef\u00fchrt und die Personen geborgen. F\u00fcr die Bergung einer eingeklemmten Person kamen unter anderem auch Spezialger\u00e4te wie die Hebekissen zum Einsatz. Im Au\u00dfenbereich wurden zwei C-Rohrangriffe zum Schutz der Nachbarobjekte aufgebaut.<\/p>\n\n\n\n<div class=\"wp-block-flagallery-gallery flagallery-shortcode\"><div class=\"flagallery cicerone_skin\" id=\"FlaGallery_sc1_129\" ><script type=\"text\/javascript\"> (function(){this['FlaGallery_sc1_129']={'settings':{\"gridType\":\"masonry\",\"thumbHieghtRation\":\"1\",\"collectionThumbRecomendedWidth\":\"260\",\"collectionThumbRecomendedHeight\":\"260\",\"collectionPreloaderColor\":\"#333333\",\"linkTargetWindow\":\"_blank\",\"thumbSpacing\":\"10\",\"infoBarTermsClickNewPageEnable\":\"0\",\"collectionBackButtonIconColor\":\"#000000\",\"collectionBackButtonBgColor\":\"#eeeeee\",\"collectionTitleColor\":\"#000000\",\"tagsFilter\":\"1\",\"tagCloudAll\":\"All\",\"tagsSortingByName\":\"0\",\"tagCloudTextColor\":\"#000000\",\"tagCloudBgColor\":\"#ffe5e5\",\"collectionThumbHoverColor\":\"rgba(222, 18, 18, 0.7)\",\"collectionThumbTitleShow\":\"0\",\"collectionThumbTitleColor\":\"#ffffff\",\"collectionThumbFontSize\":\"18\",\"collectionThumbSubMenuBackgroundColor\":\"rgba(0, 0, 0, 0)\",\"collectionThumbSubMenuBackgroundColorOver\":\"rgba(255, 255, 255, 1)\",\"collectionThumbSubMenuIconColor\":\"rgba(255, 255, 255, 1)\",\"collectionThumbSubMenuIconHoverColor\":\"rgba(0, 0, 0, 1)\",\"collectionInfoEnable\":\"0\",\"collectionItemDownload\":\"0\",\"collectionSocialShareEnabled\":\"0\",\"collectionLikesEnabled\":\"0\",\"modaBgColor\":\"rgba(0,0,0,0.9)\",\"modalInfoBoxBgColor\":\"rgba(255,255,255,1)\",\"modalInfoBoxTitleTextColor\":\"#000000\",\"shareTitlePlaceHolder\":\"Share\",\"modalInfoBoxTextColor\":\"#333333\",\"infoBarTermsEnable\":\"1\",\"infoBarTermsTitleColor\":\"#eeeeee\",\"infoBarTermsBackgroundColorAlbums\":\"#ff0000\",\"infoBarTermsBackgroundColorTags\":\"#00a000\",\"infoBarTermsBackgroundColorCategories\":\"#d3af0d\",\"infoBarExifEnable\":\"0\",\"infoBarCountersEnable\":\"1\",\"infoBarDateInfoEnable\":\"1\",\"lightBoxEnable\":\"1\",\"copyR_Alert\":\"Hello, this photo is mine!\",\"sliderPreloaderColor\":\"#ffffff\",\"sliderBgColor\":\"rgba(0,0,0,1)\",\"sliderHeaderFooterBgColor\":\"#000000\",\"sliderNavigationColor\":\"rgba(0,0,0,1)\",\"sliderNavigationIconColor\":\"rgba(255,255,255,1)\",\"sliderItemTitleFontSize\":\"24\",\"sliderItemTitleTextColor\":\"#ffffff\",\"sliderThumbBarEnable\":\"1\",\"sliderThumbBarHoverColor\":\"#ffffff\",\"sliderThumbSubMenuBackgroundColor\":\"rgba(0,0,0,1)\",\"sliderThumbSubMenuBackgroundColorOver\":\"rgba(255,255,255,1)\",\"sliderThumbSubMenuIconColor\":\"rgba(255,255,255,1)\",\"sliderThumbSubMenuIconHoverColor\":\"rgba(0,0,0,1)\",\"sliderInfoEnable\":\"0\",\"sliderItemDownload\":\"0\",\"sliderSocialShareEnabled\":\"0\",\"sliderLikesEnabled\":\"0\",\"customCSS\":\"\",\"modalInfoBoxBgColormodalInfoBoxBgColor\":\"\",\"key\":\"e81d316cc98a4015945eab1701d04305\",\"name\":\"GRANDPackPlus\",\"galleryID\":\"sc1_129\",\"post_url\":\"https:\\\/\\\/ff-strengen.at\\\/wp\\\/wp-json\\\/wp\\\/v2\\\/posts\\\/1343\",\"module_url\":\"https:\\\/\\\/ff-strengen.at\\\/wp\\\/wp-content\\\/plugins\\\/flagallery-skins\\\/cicerone\\\/\"}, 'data':[{\"gallery\":{\"gid\":\"129\",\"name\":\"20230703_probe-5\",\"path\":\"https:\\\/\\\/ff-strengen.at\\\/wp\\\/wp-content\\\/flagallery\\\/20230703_probe-5\",\"title\":\"20230703_Probe 5\",\"galdesc\":\"\"},\"data\":[{\"pid\":\"1347\",\"filename\":\"2023-07-03-19-40-22.jpg\",\"description\":\"\",\"alttext\":\"\",\"link\":null,\"imagedate\":\"2023-07-03 19:40:22\",\"hitcounter\":\"57\",\"total_value\":\"0\",\"total_votes\":\"0\",\"meta_data\":{\"aperture\":\"F 1.8\",\"credit\":false,\"camera\":\"iPhone SE (2nd generation)\",\"caption\":false,\"created_timestamp\":\"3. Juli 2023 19:40\",\"copyright\":false,\"focal_length\":\"3.99mm\",\"iso\":20,\"shutter_speed\":\"1\\\/140sec\",\"flash\":\"Not fired\",\"title\":false,\"keywords\":false,\"width\":1200,\"height\":1600,\"saved\":true,\"thumbnail\":{\"width\":300,\"height\":400},\"webview\":{\"0\":1200,\"1\":1600,\"2\":2,\"3\":\"width=\\\"1200\\\" height=\\\"1600\\\"\",\"bits\":8,\"channels\":3,\"mime\":\"image\\\/jpeg\"}}},{\"pid\":\"1348\",\"filename\":\"2023-07-03-19-43-36.jpg\",\"description\":\"\",\"alttext\":\"\",\"link\":null,\"imagedate\":\"2023-07-03 19:43:36\",\"hitcounter\":\"52\",\"total_value\":\"0\",\"total_votes\":\"0\",\"meta_data\":{\"aperture\":\"F 1.8\",\"credit\":false,\"camera\":\"iPhone SE (2nd generation)\",\"caption\":false,\"created_timestamp\":\"3. Juli 2023 19:43\",\"copyright\":false,\"focal_length\":\"3.99mm\",\"iso\":20,\"shutter_speed\":\"1\\\/450sec\",\"flash\":\"Not fired\",\"title\":false,\"keywords\":false,\"width\":1200,\"height\":1600,\"saved\":true,\"thumbnail\":{\"width\":300,\"height\":400},\"webview\":{\"0\":1200,\"1\":1600,\"2\":2,\"3\":\"width=\\\"1200\\\" height=\\\"1600\\\"\",\"bits\":8,\"channels\":3,\"mime\":\"image\\\/jpeg\"}}},{\"pid\":\"1349\",\"filename\":\"2023-07-03-19-43-42.jpg\",\"description\":\"\",\"alttext\":\"\",\"link\":null,\"imagedate\":\"2023-07-03 19:43:42\",\"hitcounter\":\"49\",\"total_value\":\"0\",\"total_votes\":\"0\",\"meta_data\":{\"aperture\":\"F 1.8\",\"credit\":false,\"camera\":\"iPhone SE (2nd generation)\",\"caption\":false,\"created_timestamp\":\"3. Juli 2023 19:43\",\"copyright\":false,\"focal_length\":\"3.99mm\",\"iso\":64,\"shutter_speed\":\"1\\\/990sec\",\"flash\":false,\"title\":false,\"keywords\":false,\"width\":1600,\"height\":696,\"saved\":true,\"thumbnail\":{\"width\":400,\"height\":174},\"webview\":{\"0\":1600,\"1\":696,\"2\":2,\"3\":\"width=\\\"1600\\\" height=\\\"696\\\"\",\"bits\":8,\"channels\":3,\"mime\":\"image\\\/jpeg\"}}},{\"pid\":\"1350\",\"filename\":\"2023-07-03-19-44-12.jpg\",\"description\":\"\",\"alttext\":\"\",\"link\":null,\"imagedate\":\"2023-07-03 19:44:12\",\"hitcounter\":\"47\",\"total_value\":\"0\",\"total_votes\":\"0\",\"meta_data\":{\"aperture\":\"F 1.8\",\"credit\":false,\"camera\":\"iPhone SE (2nd generation)\",\"caption\":false,\"created_timestamp\":\"3. Juli 2023 19:44\",\"copyright\":false,\"focal_length\":\"3.99mm\",\"iso\":80,\"shutter_speed\":\"1\\\/260sec\",\"flash\":false,\"title\":false,\"keywords\":false,\"width\":1600,\"height\":948,\"saved\":true,\"thumbnail\":{\"width\":400,\"height\":237},\"webview\":{\"0\":1600,\"1\":948,\"2\":2,\"3\":\"width=\\\"1600\\\" height=\\\"948\\\"\",\"bits\":8,\"channels\":3,\"mime\":\"image\\\/jpeg\"}}},{\"pid\":\"1351\",\"filename\":\"2023-07-03-19-46-51.jpg\",\"description\":\"\",\"alttext\":\"\",\"link\":null,\"imagedate\":\"2023-07-03 19:46:51\",\"hitcounter\":\"42\",\"total_value\":\"0\",\"total_votes\":\"0\",\"meta_data\":{\"aperture\":\"F 1.8\",\"credit\":false,\"camera\":\"iPhone SE (2nd generation)\",\"caption\":false,\"created_timestamp\":\"3. Juli 2023 19:46\",\"copyright\":false,\"focal_length\":\"3.99mm\",\"iso\":25,\"shutter_speed\":\"1\\\/120sec\",\"flash\":\"Not fired\",\"title\":false,\"keywords\":false,\"width\":1200,\"height\":1600,\"saved\":true,\"thumbnail\":{\"width\":300,\"height\":400},\"webview\":{\"0\":1200,\"1\":1600,\"2\":2,\"3\":\"width=\\\"1200\\\" height=\\\"1600\\\"\",\"bits\":8,\"channels\":3,\"mime\":\"image\\\/jpeg\"}}},{\"pid\":\"1345\",\"filename\":\"2023-07-03-19-46-55.jpg\",\"description\":\"\",\"alttext\":\"\",\"link\":null,\"imagedate\":\"2023-07-03 19:46:55\",\"hitcounter\":\"41\",\"total_value\":\"0\",\"total_votes\":\"0\",\"meta_data\":{\"aperture\":\"F 1.8\",\"credit\":false,\"camera\":\"iPhone SE (2nd generation)\",\"caption\":false,\"created_timestamp\":\"3. Juli 2023 19:46\",\"copyright\":false,\"focal_length\":\"3.99mm\",\"iso\":20,\"shutter_speed\":\"1\\\/170sec\",\"flash\":\"Not fired\",\"title\":false,\"keywords\":false,\"width\":1200,\"height\":1600,\"saved\":true,\"thumbnail\":{\"width\":300,\"height\":400},\"webview\":{\"0\":1200,\"1\":1600,\"2\":2,\"3\":\"width=\\\"1200\\\" height=\\\"1600\\\"\",\"bits\":8,\"channels\":3,\"mime\":\"image\\\/jpeg\"}}},{\"pid\":\"1346\",\"filename\":\"2023-07-03-19-52-37.jpg\",\"description\":\"\",\"alttext\":\"\",\"link\":null,\"imagedate\":\"2023-07-03 19:52:37\",\"hitcounter\":\"42\",\"total_value\":\"0\",\"total_votes\":\"0\",\"meta_data\":{\"aperture\":\"F 1.8\",\"credit\":false,\"camera\":\"iPhone SE (2nd generation)\",\"caption\":false,\"created_timestamp\":\"3. Juli 2023 19:52\",\"copyright\":false,\"focal_length\":\"3.99mm\",\"iso\":80,\"shutter_speed\":\"1\\\/90sec\",\"flash\":\"Not fired\",\"title\":false,\"keywords\":false,\"width\":1200,\"height\":1600,\"saved\":true,\"thumbnail\":{\"width\":300,\"height\":400},\"webview\":{\"0\":1200,\"1\":1600,\"2\":2,\"3\":\"width=\\\"1200\\\" height=\\\"1600\\\"\",\"bits\":8,\"channels\":3,\"mime\":\"image\\\/jpeg\"}}}]}], }; })();<\/script><\/div><noscript id=\"noscript_FlaGallery_sc1_129\"><img class=\"skip-lazy no-lazyload noLazy\" data-lazy-src=\"\" src =\"https:\/\/ff-strengen.at\/wp\/wp-content\/flagallery\/20230703_probe-5\/2023-07-03-19-40-22.jpg\" alt=\"\" \/><img class=\"skip-lazy no-lazyload noLazy\" data-lazy-src=\"\" src =\"https:\/\/ff-strengen.at\/wp\/wp-content\/flagallery\/20230703_probe-5\/2023-07-03-19-43-36.jpg\" alt=\"\" \/><img class=\"skip-lazy no-lazyload noLazy\" data-lazy-src=\"\" src =\"https:\/\/ff-strengen.at\/wp\/wp-content\/flagallery\/20230703_probe-5\/2023-07-03-19-43-42.jpg\" alt=\"\" \/><img class=\"skip-lazy no-lazyload noLazy\" data-lazy-src=\"\" src =\"https:\/\/ff-strengen.at\/wp\/wp-content\/flagallery\/20230703_probe-5\/2023-07-03-19-44-12.jpg\" alt=\"\" \/><img class=\"skip-lazy no-lazyload noLazy\" data-lazy-src=\"\" src =\"https:\/\/ff-strengen.at\/wp\/wp-content\/flagallery\/20230703_probe-5\/2023-07-03-19-46-51.jpg\" alt=\"\" \/><img class=\"skip-lazy no-lazyload noLazy\" data-lazy-src=\"\" src =\"https:\/\/ff-strengen.at\/wp\/wp-content\/flagallery\/20230703_probe-5\/2023-07-03-19-46-55.jpg\" alt=\"\" \/><img class=\"skip-lazy no-lazyload noLazy\" data-lazy-src=\"\" src =\"https:\/\/ff-strengen.at\/wp\/wp-content\/flagallery\/20230703_probe-5\/2023-07-03-19-52-37.jpg\" alt=\"\" \/><\/noscript><\/div>\n","protected":false},"excerpt":{"rendered":"<p>Am Montag, den 3. Juli 2023 fand die 5. Vollprobe in diesem Jahr statt. Mit der \u00dcbungsalarmierung, dass eine Frau einen lauten Knall in der Garage geh\u00f6rt hatte, r\u00fcckte die Feuerwehr zum \u00dcbungsobjekt im Ortsteil Brunnen aus. Vor Ort wurde ein Innenangriff mit schwerem Atemschutz durchgef\u00fchrt und die Personen geborgen. F\u00fcr die Bergung einer eingeklemmten [&hellip;]<\/p>\n","protected":false},"author":1,"featured_media":1344,"comment_status":"closed","ping_status":"open","sticky":false,"template":"","format":"standard","meta":{"footnotes":""},"categories":[6],"tags":[],"class_list":{"0":"post-1343","1":"post","2":"type-post","3":"status-publish","4":"format-standard","5":"has-post-thumbnail","7":"category-uebung"},"yoast_head":"<!-- This site is optimized with the Yoast SEO plugin v27.5 - https:\/\/yoast.com\/product\/yoast-seo-wordpress\/ -->\n<title>5. Vollprobe 2023 - Freiwillige Feuerwehr Strengen am Arlberg<\/title>\n<meta name=\"robots\" content=\"index, follow, max-snippet:-1, max-image-preview:large, max-video-preview:-1\" \/>\n<link rel=\"canonical\" href=\"https:\/\/ff-strengen.at\/wp\/5-vollprobe-2023\/\" \/>\n<meta property=\"og:locale\" content=\"de_DE\" \/>\n<meta property=\"og:type\" content=\"article\" \/>\n<meta property=\"og:title\" content=\"5. Vollprobe 2023 - Freiwillige Feuerwehr Strengen am Arlberg\" \/>\n<meta property=\"og:description\" content=\"Am Montag, den 3. Juli 2023 fand die 5. Vollprobe in diesem Jahr statt. Mit der \u00dcbungsalarmierung, dass eine Frau einen lauten Knall in der Garage geh\u00f6rt hatte, r\u00fcckte die Feuerwehr zum \u00dcbungsobjekt im Ortsteil Brunnen aus. Vor Ort wurde ein Innenangriff mit schwerem Atemschutz durchgef\u00fchrt und die Personen geborgen. F\u00fcr die Bergung einer eingeklemmten [&hellip;]\" \/>\n<meta property=\"og:url\" content=\"https:\/\/ff-strengen.at\/wp\/5-vollprobe-2023\/\" \/>\n<meta property=\"og:site_name\" content=\"Freiwillige Feuerwehr Strengen am Arlberg\" \/>\n<meta property=\"article:publisher\" content=\"https:\/\/www.facebook.com\/feuerwehrstrengen\" \/>\n<meta property=\"article:published_time\" content=\"2023-07-03T17:30:00+00:00\" \/>\n<meta property=\"article:modified_time\" content=\"2023-07-04T18:20:41+00:00\" \/>\n<meta property=\"og:image\" content=\"https:\/\/ff-strengen.at\/wp\/wp-content\/uploads\/2023\/07\/2023-07-03-19-40-22_titel.jpeg\" \/>\n\t<meta property=\"og:image:width\" content=\"1600\" \/>\n\t<meta property=\"og:image:height\" content=\"1200\" \/>\n\t<meta property=\"og:image:type\" content=\"image\/jpeg\" \/>\n<meta name=\"author\" content=\"Simon Mark\" \/>\n<meta name=\"twitter:card\" content=\"summary_large_image\" \/>\n<meta name=\"twitter:label1\" content=\"Verfasst von\" \/>\n\t<meta name=\"twitter:data1\" content=\"Simon Mark\" \/>\n\t<meta name=\"twitter:label2\" content=\"Gesch\u00e4tzte Lesezeit\" \/>\n\t<meta name=\"twitter:data2\" content=\"1\u00a0Minute\" \/>\n<script type=\"application\/ld+json\" class=\"yoast-schema-graph\">{\"@context\":\"https:\\\/\\\/schema.org\",\"@graph\":[{\"@type\":\"Article\",\"@id\":\"https:\\\/\\\/ff-strengen.at\\\/wp\\\/5-vollprobe-2023\\\/#article\",\"isPartOf\":{\"@id\":\"https:\\\/\\\/ff-strengen.at\\\/wp\\\/5-vollprobe-2023\\\/\"},\"author\":{\"name\":\"Simon Mark\",\"@id\":\"https:\\\/\\\/ff-strengen.at\\\/wp\\\/#\\\/schema\\\/person\\\/91106ca6499054408d2b7e7361aefbae\"},\"headline\":\"5. Vollprobe 2023\",\"datePublished\":\"2023-07-03T17:30:00+00:00\",\"dateModified\":\"2023-07-04T18:20:41+00:00\",\"mainEntityOfPage\":{\"@id\":\"https:\\\/\\\/ff-strengen.at\\\/wp\\\/5-vollprobe-2023\\\/\"},\"wordCount\":82,\"publisher\":{\"@id\":\"https:\\\/\\\/ff-strengen.at\\\/wp\\\/#organization\"},\"image\":{\"@id\":\"https:\\\/\\\/ff-strengen.at\\\/wp\\\/5-vollprobe-2023\\\/#primaryimage\"},\"thumbnailUrl\":\"https:\\\/\\\/ff-strengen.at\\\/wp\\\/wp-content\\\/uploads\\\/2023\\\/07\\\/2023-07-03-19-40-22_titel.jpeg\",\"articleSection\":[\"\u00dcbung\"],\"inLanguage\":\"de\"},{\"@type\":\"WebPage\",\"@id\":\"https:\\\/\\\/ff-strengen.at\\\/wp\\\/5-vollprobe-2023\\\/\",\"url\":\"https:\\\/\\\/ff-strengen.at\\\/wp\\\/5-vollprobe-2023\\\/\",\"name\":\"5. Vollprobe 2023 - Freiwillige Feuerwehr Strengen am Arlberg\",\"isPartOf\":{\"@id\":\"https:\\\/\\\/ff-strengen.at\\\/wp\\\/#website\"},\"primaryImageOfPage\":{\"@id\":\"https:\\\/\\\/ff-strengen.at\\\/wp\\\/5-vollprobe-2023\\\/#primaryimage\"},\"image\":{\"@id\":\"https:\\\/\\\/ff-strengen.at\\\/wp\\\/5-vollprobe-2023\\\/#primaryimage\"},\"thumbnailUrl\":\"https:\\\/\\\/ff-strengen.at\\\/wp\\\/wp-content\\\/uploads\\\/2023\\\/07\\\/2023-07-03-19-40-22_titel.jpeg\",\"datePublished\":\"2023-07-03T17:30:00+00:00\",\"dateModified\":\"2023-07-04T18:20:41+00:00\",\"breadcrumb\":{\"@id\":\"https:\\\/\\\/ff-strengen.at\\\/wp\\\/5-vollprobe-2023\\\/#breadcrumb\"},\"inLanguage\":\"de\",\"potentialAction\":[{\"@type\":\"ReadAction\",\"target\":[\"https:\\\/\\\/ff-strengen.at\\\/wp\\\/5-vollprobe-2023\\\/\"]}]},{\"@type\":\"ImageObject\",\"inLanguage\":\"de\",\"@id\":\"https:\\\/\\\/ff-strengen.at\\\/wp\\\/5-vollprobe-2023\\\/#primaryimage\",\"url\":\"https:\\\/\\\/ff-strengen.at\\\/wp\\\/wp-content\\\/uploads\\\/2023\\\/07\\\/2023-07-03-19-40-22_titel.jpeg\",\"contentUrl\":\"https:\\\/\\\/ff-strengen.at\\\/wp\\\/wp-content\\\/uploads\\\/2023\\\/07\\\/2023-07-03-19-40-22_titel.jpeg\",\"width\":1600,\"height\":1200},{\"@type\":\"BreadcrumbList\",\"@id\":\"https:\\\/\\\/ff-strengen.at\\\/wp\\\/5-vollprobe-2023\\\/#breadcrumb\",\"itemListElement\":[{\"@type\":\"ListItem\",\"position\":1,\"name\":\"Startseite\",\"item\":\"https:\\\/\\\/ff-strengen.at\\\/wp\\\/\"},{\"@type\":\"ListItem\",\"position\":2,\"name\":\"5. Vollprobe 2023\"}]},{\"@type\":\"WebSite\",\"@id\":\"https:\\\/\\\/ff-strengen.at\\\/wp\\\/#website\",\"url\":\"https:\\\/\\\/ff-strengen.at\\\/wp\\\/\",\"name\":\"Freiwillige Feuerwehr Strengen am Arlberg\",\"description\":\"24 Stunden am Tag, 365 Tage im Jahr f\u00fcr Sie bereit!\",\"publisher\":{\"@id\":\"https:\\\/\\\/ff-strengen.at\\\/wp\\\/#organization\"},\"alternateName\":\"FF Strengen\",\"potentialAction\":[{\"@type\":\"SearchAction\",\"target\":{\"@type\":\"EntryPoint\",\"urlTemplate\":\"https:\\\/\\\/ff-strengen.at\\\/wp\\\/?s={search_term_string}\"},\"query-input\":{\"@type\":\"PropertyValueSpecification\",\"valueRequired\":true,\"valueName\":\"search_term_string\"}}],\"inLanguage\":\"de\"},{\"@type\":\"Organization\",\"@id\":\"https:\\\/\\\/ff-strengen.at\\\/wp\\\/#organization\",\"name\":\"Freiwillige Feuerwehr Strengen am Arlberg\",\"alternateName\":\"FF Strengen\",\"url\":\"https:\\\/\\\/ff-strengen.at\\\/wp\\\/\",\"logo\":{\"@type\":\"ImageObject\",\"inLanguage\":\"de\",\"@id\":\"https:\\\/\\\/ff-strengen.at\\\/wp\\\/#\\\/schema\\\/logo\\\/image\\\/\",\"url\":\"https:\\\/\\\/ff-strengen.at\\\/wp\\\/wp-content\\\/uploads\\\/2018\\\/05\\\/FF_Logo_480-188_Retina.png\",\"contentUrl\":\"https:\\\/\\\/ff-strengen.at\\\/wp\\\/wp-content\\\/uploads\\\/2018\\\/05\\\/FF_Logo_480-188_Retina.png\",\"width\":480,\"height\":188,\"caption\":\"Freiwillige Feuerwehr Strengen am Arlberg\"},\"image\":{\"@id\":\"https:\\\/\\\/ff-strengen.at\\\/wp\\\/#\\\/schema\\\/logo\\\/image\\\/\"},\"sameAs\":[\"https:\\\/\\\/www.facebook.com\\\/feuerwehrstrengen\",\"https:\\\/\\\/www.instagram.com\\\/feuerwehr.strengen\\\/\"]},{\"@type\":\"Person\",\"@id\":\"https:\\\/\\\/ff-strengen.at\\\/wp\\\/#\\\/schema\\\/person\\\/91106ca6499054408d2b7e7361aefbae\",\"name\":\"Simon Mark\",\"url\":\"https:\\\/\\\/ff-strengen.at\\\/wp\\\/author\\\/masi78\\\/\"}]}<\/script>\n<!-- \/ Yoast SEO plugin. -->","yoast_head_json":{"title":"5. Vollprobe 2023 - Freiwillige Feuerwehr Strengen am Arlberg","robots":{"index":"index","follow":"follow","max-snippet":"max-snippet:-1","max-image-preview":"max-image-preview:large","max-video-preview":"max-video-preview:-1"},"canonical":"https:\/\/ff-strengen.at\/wp\/5-vollprobe-2023\/","og_locale":"de_DE","og_type":"article","og_title":"5. Vollprobe 2023 - Freiwillige Feuerwehr Strengen am Arlberg","og_description":"Am Montag, den 3. Juli 2023 fand die 5. Vollprobe in diesem Jahr statt. Mit der \u00dcbungsalarmierung, dass eine Frau einen lauten Knall in der Garage geh\u00f6rt hatte, r\u00fcckte die Feuerwehr zum \u00dcbungsobjekt im Ortsteil Brunnen aus. Vor Ort wurde ein Innenangriff mit schwerem Atemschutz durchgef\u00fchrt und die Personen geborgen. F\u00fcr die Bergung einer eingeklemmten [&hellip;]","og_url":"https:\/\/ff-strengen.at\/wp\/5-vollprobe-2023\/","og_site_name":"Freiwillige Feuerwehr Strengen am Arlberg","article_publisher":"https:\/\/www.facebook.com\/feuerwehrstrengen","article_published_time":"2023-07-03T17:30:00+00:00","article_modified_time":"2023-07-04T18:20:41+00:00","og_image":[{"width":1600,"height":1200,"url":"https:\/\/ff-strengen.at\/wp\/wp-content\/uploads\/2023\/07\/2023-07-03-19-40-22_titel.jpeg","type":"image\/jpeg"}],"author":"Simon Mark","twitter_card":"summary_large_image","twitter_misc":{"Verfasst von":"Simon Mark","Gesch\u00e4tzte Lesezeit":"1\u00a0Minute"},"schema":{"@context":"https:\/\/schema.org","@graph":[{"@type":"Article","@id":"https:\/\/ff-strengen.at\/wp\/5-vollprobe-2023\/#article","isPartOf":{"@id":"https:\/\/ff-strengen.at\/wp\/5-vollprobe-2023\/"},"author":{"name":"Simon Mark","@id":"https:\/\/ff-strengen.at\/wp\/#\/schema\/person\/91106ca6499054408d2b7e7361aefbae"},"headline":"5. Vollprobe 2023","datePublished":"2023-07-03T17:30:00+00:00","dateModified":"2023-07-04T18:20:41+00:00","mainEntityOfPage":{"@id":"https:\/\/ff-strengen.at\/wp\/5-vollprobe-2023\/"},"wordCount":82,"publisher":{"@id":"https:\/\/ff-strengen.at\/wp\/#organization"},"image":{"@id":"https:\/\/ff-strengen.at\/wp\/5-vollprobe-2023\/#primaryimage"},"thumbnailUrl":"https:\/\/ff-strengen.at\/wp\/wp-content\/uploads\/2023\/07\/2023-07-03-19-40-22_titel.jpeg","articleSection":["\u00dcbung"],"inLanguage":"de"},{"@type":"WebPage","@id":"https:\/\/ff-strengen.at\/wp\/5-vollprobe-2023\/","url":"https:\/\/ff-strengen.at\/wp\/5-vollprobe-2023\/","name":"5. Vollprobe 2023 - Freiwillige Feuerwehr Strengen am Arlberg","isPartOf":{"@id":"https:\/\/ff-strengen.at\/wp\/#website"},"primaryImageOfPage":{"@id":"https:\/\/ff-strengen.at\/wp\/5-vollprobe-2023\/#primaryimage"},"image":{"@id":"https:\/\/ff-strengen.at\/wp\/5-vollprobe-2023\/#primaryimage"},"thumbnailUrl":"https:\/\/ff-strengen.at\/wp\/wp-content\/uploads\/2023\/07\/2023-07-03-19-40-22_titel.jpeg","datePublished":"2023-07-03T17:30:00+00:00","dateModified":"2023-07-04T18:20:41+00:00","breadcrumb":{"@id":"https:\/\/ff-strengen.at\/wp\/5-vollprobe-2023\/#breadcrumb"},"inLanguage":"de","potentialAction":[{"@type":"ReadAction","target":["https:\/\/ff-strengen.at\/wp\/5-vollprobe-2023\/"]}]},{"@type":"ImageObject","inLanguage":"de","@id":"https:\/\/ff-strengen.at\/wp\/5-vollprobe-2023\/#primaryimage","url":"https:\/\/ff-strengen.at\/wp\/wp-content\/uploads\/2023\/07\/2023-07-03-19-40-22_titel.jpeg","contentUrl":"https:\/\/ff-strengen.at\/wp\/wp-content\/uploads\/2023\/07\/2023-07-03-19-40-22_titel.jpeg","width":1600,"height":1200},{"@type":"BreadcrumbList","@id":"https:\/\/ff-strengen.at\/wp\/5-vollprobe-2023\/#breadcrumb","itemListElement":[{"@type":"ListItem","position":1,"name":"Startseite","item":"https:\/\/ff-strengen.at\/wp\/"},{"@type":"ListItem","position":2,"name":"5. Vollprobe 2023"}]},{"@type":"WebSite","@id":"https:\/\/ff-strengen.at\/wp\/#website","url":"https:\/\/ff-strengen.at\/wp\/","name":"Freiwillige Feuerwehr Strengen am Arlberg","description":"24 Stunden am Tag, 365 Tage im Jahr f\u00fcr Sie bereit!","publisher":{"@id":"https:\/\/ff-strengen.at\/wp\/#organization"},"alternateName":"FF Strengen","potentialAction":[{"@type":"SearchAction","target":{"@type":"EntryPoint","urlTemplate":"https:\/\/ff-strengen.at\/wp\/?s={search_term_string}"},"query-input":{"@type":"PropertyValueSpecification","valueRequired":true,"valueName":"search_term_string"}}],"inLanguage":"de"},{"@type":"Organization","@id":"https:\/\/ff-strengen.at\/wp\/#organization","name":"Freiwillige Feuerwehr Strengen am Arlberg","alternateName":"FF Strengen","url":"https:\/\/ff-strengen.at\/wp\/","logo":{"@type":"ImageObject","inLanguage":"de","@id":"https:\/\/ff-strengen.at\/wp\/#\/schema\/logo\/image\/","url":"https:\/\/ff-strengen.at\/wp\/wp-content\/uploads\/2018\/05\/FF_Logo_480-188_Retina.png","contentUrl":"https:\/\/ff-strengen.at\/wp\/wp-content\/uploads\/2018\/05\/FF_Logo_480-188_Retina.png","width":480,"height":188,"caption":"Freiwillige Feuerwehr Strengen am Arlberg"},"image":{"@id":"https:\/\/ff-strengen.at\/wp\/#\/schema\/logo\/image\/"},"sameAs":["https:\/\/www.facebook.com\/feuerwehrstrengen","https:\/\/www.instagram.com\/feuerwehr.strengen\/"]},{"@type":"Person","@id":"https:\/\/ff-strengen.at\/wp\/#\/schema\/person\/91106ca6499054408d2b7e7361aefbae","name":"Simon Mark","url":"https:\/\/ff-strengen.at\/wp\/author\/masi78\/"}]}},"_links":{"self":[{"href":"https:\/\/ff-strengen.at\/wp\/wp-json\/wp\/v2\/posts\/1343","targetHints":{"allow":["GET"]}}],"collection":[{"href":"https:\/\/ff-strengen.at\/wp\/wp-json\/wp\/v2\/posts"}],"about":[{"href":"https:\/\/ff-strengen.at\/wp\/wp-json\/wp\/v2\/types\/post"}],"author":[{"embeddable":true,"href":"https:\/\/ff-strengen.at\/wp\/wp-json\/wp\/v2\/users\/1"}],"replies":[{"embeddable":true,"href":"https:\/\/ff-strengen.at\/wp\/wp-json\/wp\/v2\/comments?post=1343"}],"version-history":[{"count":2,"href":"https:\/\/ff-strengen.at\/wp\/wp-json\/wp\/v2\/posts\/1343\/revisions"}],"predecessor-version":[{"id":1346,"href":"https:\/\/ff-strengen.at\/wp\/wp-json\/wp\/v2\/posts\/1343\/revisions\/1346"}],"wp:featuredmedia":[{"embeddable":true,"href":"https:\/\/ff-strengen.at\/wp\/wp-json\/wp\/v2\/media\/1344"}],"wp:attachment":[{"href":"https:\/\/ff-strengen.at\/wp\/wp-json\/wp\/v2\/media?parent=1343"}],"wp:term":[{"taxonomy":"category","embeddable":true,"href":"https:\/\/ff-strengen.at\/wp\/wp-json\/wp\/v2\/categories?post=1343"},{"taxonomy":"post_tag","embeddable":true,"href":"https:\/\/ff-strengen.at\/wp\/wp-json\/wp\/v2\/tags?post=1343"}],"curies":[{"name":"wp","href":"https:\/\/api.w.org\/{rel}","templated":true}]}}